[{"@context":"https:\/\/schema.org\/","@type":"Blog","@id":"https:\/\/www.helko.cz#Blog","headline":"Helko","description":"\nHled\u00e1te-li dokonal\u00e9ho partnera, bude v\u00e1m pr\u00e1v\u011b n\u00e1\u0161 web dokonal\u00fdm partnerem, a to v tom, \u017ee v\u00e1m pom\u016f\u017ee naj\u00edt pr\u00e1v\u011b takov\u00e9ho dokonal\u00e9ho partnera.","url":"https:\/\/www.helko.cz","hasPart":[{"@type":"Article","@id":"https:\/\/www.helko.cz\/zip-sacky-jsou-ekologictejsi-reseni-ve-srovnani-s-papirovymi-obaly\/","headline":"Zip s\u00e1\u010dky jsou ekologi\u010dt\u011bj\u0161\u00ed \u0159e\u0161en\u00ed ve srovn\u00e1n\u00ed s pap\u00edrov\u00fdmi obaly","url":"https:\/\/www.helko.cz\/zip-sacky-jsou-ekologictejsi-reseni-ve-srovnani-s-papirovymi-obaly\/","datePublished":"2020-02-08","dateModified":"2023-05-06","mainEntityOfPage":"https:\/\/www.helko.cz\/zip-sacky-jsou-ekologictejsi-reseni-ve-srovnani-s-papirovymi-obaly\/","author":{"@type":"Person","@id":"https:\/\/www.helko.cz\/author\/#Person","name":"","url":"https:\/\/www.helko.cz\/author\/","identifier":1,"image":{"@type":"ImageObject","@id":"https:\/\/secure.gravatar.com\/avatar\/da76ffe9456a057fb26f92cd8eb3d2effca853864e9ae2a35290bd1e10b1f7d4?s=96&d=mm&r=g","url":"https:\/\/secure.gravatar.com\/avatar\/da76ffe9456a057fb26f92cd8eb3d2effca853864e9ae2a35290bd1e10b1f7d4?s=96&d=mm&r=g","height":96,"width":96}},"publisher":{"@type":"Organization","name":"helko.cz","logo":{"@type":"ImageObject","@id":"\/logo.png","url":"\/logo.png","width":600,"height":60}},"image":{"@type":"ImageObject","@id":"https:\/\/www.helko.cz\/wp-content\/uploads\/img_a375287_w1884_t1587026445.jpg","url":"https:\/\/www.helko.cz\/wp-content\/uploads\/img_a375287_w1884_t1587026445.jpg","height":0,"width":0},"wordCount":540,"keywords":null},{"@type":"Article","@id":"https:\/\/www.helko.cz\/sik-i-v-mrazu\/","headline":"\u0160ik i v mrazu","url":"https:\/\/www.helko.cz\/sik-i-v-mrazu\/","datePublished":"2020-01-17","dateModified":"2023-05-06","mainEntityOfPage":"https:\/\/www.helko.cz\/sik-i-v-mrazu\/","author":{"@type":"Person","@id":"https:\/\/www.helko.cz\/author\/#Person","name":"","url":"https:\/\/www.helko.cz\/author\/","identifier":1,"image":{"@type":"ImageObject","@id":"https:\/\/secure.gravatar.com\/avatar\/da76ffe9456a057fb26f92cd8eb3d2effca853864e9ae2a35290bd1e10b1f7d4?s=96&d=mm&r=g","url":"https:\/\/secure.gravatar.com\/avatar\/da76ffe9456a057fb26f92cd8eb3d2effca853864e9ae2a35290bd1e10b1f7d4?s=96&d=mm&r=g","height":96,"width":96}},"publisher":{"@type":"Organization","name":"helko.cz","logo":{"@type":"ImageObject","@id":"\/logo.png","url":"\/logo.png","width":600,"height":60}},"image":{"@type":"ImageObject","@id":"https:\/\/www.helko.cz\/wp-content\/uploads\/img_a356119_w3198_t1570881808.jpg","url":"https:\/\/www.helko.cz\/wp-content\/uploads\/img_a356119_w3198_t1570881808.jpg","height":0,"width":0},"wordCount":477,"keywords":null},{"@type":"Article","@id":"https:\/\/www.helko.cz\/elektrinu-potrebujeme\/","headline":"Elekt\u0159inu pot\u0159ebujeme","url":"https:\/\/www.helko.cz\/elektrinu-potrebujeme\/","datePublished":"2020-01-10","dateModified":"2023-05-06","mainEntityOfPage":"https:\/\/www.helko.cz\/elektrinu-potrebujeme\/","author":{"@type":"Person","@id":"https:\/\/www.helko.cz\/author\/#Person","name":"","url":"https:\/\/www.helko.cz\/author\/","identifier":1,"image":{"@type":"ImageObject","@id":"https:\/\/secure.gravatar.com\/avatar\/da76ffe9456a057fb26f92cd8eb3d2effca853864e9ae2a35290bd1e10b1f7d4?s=96&d=mm&r=g","url":"https:\/\/secure.gravatar.com\/avatar\/da76ffe9456a057fb26f92cd8eb3d2effca853864e9ae2a35290bd1e10b1f7d4?s=96&d=mm&r=g","height":96,"width":96}},"publisher":{"@type":"Organization","name":"helko.cz","logo":{"@type":"ImageObject","@id":"\/logo.png","url":"\/logo.png","width":600,"height":60}},"image":{"@type":"ImageObject","@id":"https:\/\/www.helko.cz\/wp-content\/uploads\/img_a378711_w2949_t1589882941.jpg","url":"https:\/\/www.helko.cz\/wp-content\/uploads\/img_a378711_w2949_t1589882941.jpg","height":0,"width":0},"wordCount":550,"keywords":null},{"@type":"Article","@id":"https:\/\/www.helko.cz\/intermodalni-prepravni-system\/","headline":"Intermod\u00e1ln\u00ed p\u0159epravn\u00ed syst\u00e9m","url":"https:\/\/www.helko.cz\/intermodalni-prepravni-system\/","datePublished":"2020-01-07","dateModified":"2023-05-06","mainEntityOfPage":"https:\/\/www.helko.cz\/intermodalni-prepravni-system\/","author":{"@type":"Person","@id":"https:\/\/www.helko.cz\/author\/#Person","name":"","url":"https:\/\/www.helko.cz\/author\/","identifier":1,"image":{"@type":"ImageObject","@id":"https:\/\/secure.gravatar.com\/avatar\/da76ffe9456a057fb26f92cd8eb3d2effca853864e9ae2a35290bd1e10b1f7d4?s=96&d=mm&r=g","url":"https:\/\/secure.gravatar.com\/avatar\/da76ffe9456a057fb26f92cd8eb3d2effca853864e9ae2a35290bd1e10b1f7d4?s=96&d=mm&r=g","height":96,"width":96}},"publisher":{"@type":"Organization","name":"helko.cz","logo":{"@type":"ImageObject","@id":"\/logo.png","url":"\/logo.png","width":600,"height":60}},"image":{"@type":"ImageObject","@id":"https:\/\/www.helko.cz\/wp-content\/uploads\/img_a374356_w1756_t1586161182.jpg","url":"https:\/\/www.helko.cz\/wp-content\/uploads\/img_a374356_w1756_t1586161182.jpg","height":0,"width":0},"wordCount":554,"keywords":null},{"@type":"Article","@id":"https:\/\/www.helko.cz\/detske-sedaci-vaky-mohou-poslouzit-i-dospelym\/","headline":"D\u011btsk\u00e9 sedac\u00ed vaky mohou poslou\u017eit i dosp\u011bl\u00fdm","url":"https:\/\/www.helko.cz\/detske-sedaci-vaky-mohou-poslouzit-i-dospelym\/","datePublished":"2019-12-25","dateModified":"2023-05-06","mainEntityOfPage":"https:\/\/www.helko.cz\/detske-sedaci-vaky-mohou-poslouzit-i-dospelym\/","author":{"@type":"Person","@id":"https:\/\/www.helko.cz\/author\/#Person","name":"","url":"https:\/\/www.helko.cz\/author\/","identifier":1,"image":{"@type":"ImageObject","@id":"https:\/\/secure.gravatar.com\/avatar\/da76ffe9456a057fb26f92cd8eb3d2effca853864e9ae2a35290bd1e10b1f7d4?s=96&d=mm&r=g","url":"https:\/\/secure.gravatar.com\/avatar\/da76ffe9456a057fb26f92cd8eb3d2effca853864e9ae2a35290bd1e10b1f7d4?s=96&d=mm&r=g","height":96,"width":96}},"publisher":{"@type":"Organization","name":"helko.cz","logo":{"@type":"ImageObject","@id":"\/logo.png","url":"\/logo.png","width":600,"height":60}},"image":{"@type":"ImageObject","@id":"https:\/\/www.helko.cz\/wp-content\/uploads\/img_a372489_w2014_t1583929395.jpg","url":"https:\/\/www.helko.cz\/wp-content\/uploads\/img_a372489_w2014_t1583929395.jpg","height":0,"width":0},"wordCount":574,"keywords":null},{"@type":"Article","@id":"https:\/\/www.helko.cz\/krasy-lednice-s-ubytovanim\/","headline":"Kr\u00e1sy Lednice s ubytov\u00e1n\u00edm","url":"https:\/\/www.helko.cz\/krasy-lednice-s-ubytovanim\/","datePublished":"2019-12-19","dateModified":"2023-12-20","mainEntityOfPage":"https:\/\/www.helko.cz\/krasy-lednice-s-ubytovanim\/","author":{"@type":"Person","@id":"https:\/\/www.helko.cz\/author\/#Person","name":"","url":"https:\/\/www.helko.cz\/author\/","identifier":1,"image":{"@type":"ImageObject","@id":"https:\/\/secure.gravatar.com\/avatar\/da76ffe9456a057fb26f92cd8eb3d2effca853864e9ae2a35290bd1e10b1f7d4?s=96&d=mm&r=g","url":"https:\/\/secure.gravatar.com\/avatar\/da76ffe9456a057fb26f92cd8eb3d2effca853864e9ae2a35290bd1e10b1f7d4?s=96&d=mm&r=g","height":96,"width":96}},"publisher":{"@type":"Organization","name":"helko.cz","logo":{"@type":"ImageObject","@id":"\/logo.png","url":"\/logo.png","width":600,"height":60}},"image":{"@type":"ImageObject","@id":"https:\/\/www.helko.cz\/wp-content\/uploads\/img_a372060_w1967_t1583406964.jpg","url":"https:\/\/www.helko.cz\/wp-content\/uploads\/img_a372060_w1967_t1583406964.jpg","height":0,"width":0},"wordCount":530,"keywords":null},{"@type":"Article","@id":"https:\/\/www.helko.cz\/diky-instalaterum\/","headline":"D\u00edky instalat\u00e9r\u016fm","url":"https:\/\/www.helko.cz\/diky-instalaterum\/","datePublished":"2019-12-13","dateModified":"2023-05-06","mainEntityOfPage":"https:\/\/www.helko.cz\/diky-instalaterum\/","author":{"@type":"Person","@id":"https:\/\/www.helko.cz\/author\/#Person","name":"","url":"https:\/\/www.helko.cz\/author\/","identifier":1,"image":{"@type":"ImageObject","@id":"https:\/\/secure.gravatar.com\/avatar\/da76ffe9456a057fb26f92cd8eb3d2effca853864e9ae2a35290bd1e10b1f7d4?s=96&d=mm&r=g","url":"https:\/\/secure.gravatar.com\/avatar\/da76ffe9456a057fb26f92cd8eb3d2effca853864e9ae2a35290bd1e10b1f7d4?s=96&d=mm&r=g","height":96,"width":96}},"publisher":{"@type":"Organization","name":"helko.cz","logo":{"@type":"ImageObject","@id":"\/logo.png","url":"\/logo.png","width":600,"height":60}},"image":{"@type":"ImageObject","@id":"https:\/\/www.helko.cz\/wp-content\/uploads\/img_a372386_w1932_t1583840163.jpg","url":"https:\/\/www.helko.cz\/wp-content\/uploads\/img_a372386_w1932_t1583840163.jpg","height":0,"width":0},"wordCount":543,"keywords":null},{"@type":"Article","@id":"https:\/\/www.helko.cz\/textilni-masky-jsou-hitem-v-peci-o-plet\/","headline":"Textiln\u00ed masky jsou hitem v p\u00e9\u010di o ple\u0165","url":"https:\/\/www.helko.cz\/textilni-masky-jsou-hitem-v-peci-o-plet\/","datePublished":"2019-12-02","dateModified":"2019-12-02","mainEntityOfPage":"https:\/\/www.helko.cz\/textilni-masky-jsou-hitem-v-peci-o-plet\/","author":{"@type":"Person","@id":"https:\/\/www.helko.cz\/author\/#Person","name":"","url":"https:\/\/www.helko.cz\/author\/","identifier":1,"image":{"@type":"ImageObject","@id":"https:\/\/secure.gravatar.com\/avatar\/da76ffe9456a057fb26f92cd8eb3d2effca853864e9ae2a35290bd1e10b1f7d4?s=96&d=mm&r=g","url":"https:\/\/secure.gravatar.com\/avatar\/da76ffe9456a057fb26f92cd8eb3d2effca853864e9ae2a35290bd1e10b1f7d4?s=96&d=mm&r=g","height":96,"width":96}},"publisher":{"@type":"Organization","name":"helko.cz","logo":{"@type":"ImageObject","@id":"\/logo.png","url":"\/logo.png","width":600,"height":60}},"image":{"@type":"ImageObject","@id":"https:\/\/www.helko.cz\/wp-content\/uploads\/img_a364567_w4212_t1577287208.jpg","url":"https:\/\/www.helko.cz\/wp-content\/uploads\/img_a364567_w4212_t1577287208.jpg","height":0,"width":0},"wordCount":499,"keywords":null},{"@type":"Article","@id":"https:\/\/www.helko.cz\/ctete-s-detmi\/","headline":"\u010ct\u011bte s d\u011btmi","url":"https:\/\/www.helko.cz\/ctete-s-detmi\/","datePublished":"2019-11-22","dateModified":"2019-11-22","mainEntityOfPage":"https:\/\/www.helko.cz\/ctete-s-detmi\/","author":{"@type":"Person","@id":"https:\/\/www.helko.cz\/author\/#Person","name":"","url":"https:\/\/www.helko.cz\/author\/","identifier":1,"image":{"@type":"ImageObject","@id":"https:\/\/secure.gravatar.com\/avatar\/da76ffe9456a057fb26f92cd8eb3d2effca853864e9ae2a35290bd1e10b1f7d4?s=96&d=mm&r=g","url":"https:\/\/secure.gravatar.com\/avatar\/da76ffe9456a057fb26f92cd8eb3d2effca853864e9ae2a35290bd1e10b1f7d4?s=96&d=mm&r=g","height":96,"width":96}},"publisher":{"@type":"Organization","name":"helko.cz","logo":{"@type":"ImageObject","@id":"\/logo.png","url":"\/logo.png","width":600,"height":60}},"image":{"@type":"ImageObject","@id":"https:\/\/www.helko.cz\/wp-content\/uploads\/img_a362052_w4399_t1575052709.jpg","url":"https:\/\/www.helko.cz\/wp-content\/uploads\/img_a362052_w4399_t1575052709.jpg","height":0,"width":0},"wordCount":704,"keywords":null},{"@type":"Article","@id":"https:\/\/www.helko.cz\/pujcka-je-reseni\/","headline":"P\u016fj\u010dka je \u0159e\u0161en\u00ed","url":"https:\/\/www.helko.cz\/pujcka-je-reseni\/","datePublished":"2019-11-19","dateModified":"2023-05-06","mainEntityOfPage":"https:\/\/www.helko.cz\/pujcka-je-reseni\/","author":{"@type":"Person","@id":"https:\/\/www.helko.cz\/author\/#Person","name":"","url":"https:\/\/www.helko.cz\/author\/","identifier":1,"image":{"@type":"ImageObject","@id":"https:\/\/secure.gravatar.com\/avatar\/da76ffe9456a057fb26f92cd8eb3d2effca853864e9ae2a35290bd1e10b1f7d4?s=96&d=mm&r=g","url":"https:\/\/secure.gravatar.com\/avatar\/da76ffe9456a057fb26f92cd8eb3d2effca853864e9ae2a35290bd1e10b1f7d4?s=96&d=mm&r=g","height":96,"width":96}},"publisher":{"@type":"Organization","name":"helko.cz","logo":{"@type":"ImageObject","@id":"\/logo.png","url":"\/logo.png","width":600,"height":60}},"image":{"@type":"ImageObject","@id":"https:\/\/www.helko.cz\/wp-content\/uploads\/img_a369700_w2219_t1581785086.jpg","url":"https:\/\/www.helko.cz\/wp-content\/uploads\/img_a369700_w2219_t1581785086.jpg","height":0,"width":0},"wordCount":556,"keywords":null}]},{"@context":"https:\/\/schema.org","@type":"WebSite","@id":"https:\/\/www.helko.cz\/#website","name":"Helko","url":"https:\/\/www.helko.cz","potentialAction":{"@type":"SearchAction","target":"https:\/\/www.helko.cz\/?s={search_term_string}","query-input":"required name=search_term_string"}}]