[{"@context":"https:\/\/schema.org\/","@type":"Blog","@id":"https:\/\/www.helko.cz#Blog","headline":"Helko","description":"\nHled\u00e1te-li dokonal\u00e9ho partnera, bude v\u00e1m pr\u00e1v\u011b n\u00e1\u0161 web dokonal\u00fdm partnerem, a to v tom, \u017ee v\u00e1m pom\u016f\u017ee naj\u00edt pr\u00e1v\u011b takov\u00e9ho dokonal\u00e9ho partnera.","url":"https:\/\/www.helko.cz","hasPart":[{"@type":"Article","@id":"https:\/\/www.helko.cz\/svatebni-saty-usite-nebo-pujcene\/","headline":"Svatebn\u00ed \u0161aty u\u0161it\u00e9 nebo p\u016fj\u010den\u00e9","url":"https:\/\/www.helko.cz\/svatebni-saty-usite-nebo-pujcene\/","datePublished":"2023-09-23","dateModified":"2023-09-23","mainEntityOfPage":"https:\/\/www.helko.cz\/svatebni-saty-usite-nebo-pujcene\/","author":{"@type":"Person","@id":"https:\/\/www.helko.cz\/author\/#Person","name":"","url":"https:\/\/www.helko.cz\/author\/","identifier":1,"image":{"@type":"ImageObject","@id":"https:\/\/secure.gravatar.com\/avatar\/da76ffe9456a057fb26f92cd8eb3d2effca853864e9ae2a35290bd1e10b1f7d4?s=96&d=mm&r=g","url":"https:\/\/secure.gravatar.com\/avatar\/da76ffe9456a057fb26f92cd8eb3d2effca853864e9ae2a35290bd1e10b1f7d4?s=96&d=mm&r=g","height":96,"width":96}},"publisher":{"@type":"Organization","name":"helko.cz","logo":{"@type":"ImageObject","@id":"\/logo.png","url":"\/logo.png","width":600,"height":60}},"image":{"@type":"ImageObject","@id":"https:\/\/www.helko.cz\/wp-content\/uploads\/bride-5504342_1280.jpg","url":"https:\/\/www.helko.cz\/wp-content\/uploads\/bride-5504342_1280.jpg","height":0,"width":0},"wordCount":649,"keywords":null},{"@type":"Article","@id":"https:\/\/www.helko.cz\/lehky-a-prijemny-material-ve-kterem-se-bude-krasne-usinat\/","headline":"Lehk\u00fd a p\u0159\u00edjemn\u00fd materi\u00e1l, ve kter\u00e9m se bude kr\u00e1sn\u011b us\u00ednat","url":"https:\/\/www.helko.cz\/lehky-a-prijemny-material-ve-kterem-se-bude-krasne-usinat\/","datePublished":"2023-09-03","dateModified":"2023-09-03","mainEntityOfPage":"https:\/\/www.helko.cz\/lehky-a-prijemny-material-ve-kterem-se-bude-krasne-usinat\/","author":{"@type":"Person","@id":"https:\/\/www.helko.cz\/author\/#Person","name":"","url":"https:\/\/www.helko.cz\/author\/","identifier":1,"image":{"@type":"ImageObject","@id":"https:\/\/secure.gravatar.com\/avatar\/da76ffe9456a057fb26f92cd8eb3d2effca853864e9ae2a35290bd1e10b1f7d4?s=96&d=mm&r=g","url":"https:\/\/secure.gravatar.com\/avatar\/da76ffe9456a057fb26f92cd8eb3d2effca853864e9ae2a35290bd1e10b1f7d4?s=96&d=mm&r=g","height":96,"width":96}},"publisher":{"@type":"Organization","name":"helko.cz","logo":{"@type":"ImageObject","@id":"\/logo.png","url":"\/logo.png","width":600,"height":60}},"image":null,"wordCount":267,"keywords":null},{"@type":"Article","@id":"https:\/\/www.helko.cz\/neurolingvisticke-programovani-otevreni-brany-k-novym-moznostem\/","headline":"Neurolingvistick\u00e9 programov\u00e1n\u00ed: Otev\u0159en\u00ed br\u00e1ny k nov\u00fdm mo\u017enostem","url":"https:\/\/www.helko.cz\/neurolingvisticke-programovani-otevreni-brany-k-novym-moznostem\/","datePublished":"2023-08-10","dateModified":"2023-08-17","mainEntityOfPage":"https:\/\/www.helko.cz\/neurolingvisticke-programovani-otevreni-brany-k-novym-moznostem\/","author":{"@type":"Person","@id":"https:\/\/www.helko.cz\/author\/#Person","name":"","url":"https:\/\/www.helko.cz\/author\/","identifier":1,"image":{"@type":"ImageObject","@id":"https:\/\/secure.gravatar.com\/avatar\/da76ffe9456a057fb26f92cd8eb3d2effca853864e9ae2a35290bd1e10b1f7d4?s=96&d=mm&r=g","url":"https:\/\/secure.gravatar.com\/avatar\/da76ffe9456a057fb26f92cd8eb3d2effca853864e9ae2a35290bd1e10b1f7d4?s=96&d=mm&r=g","height":96,"width":96}},"publisher":{"@type":"Organization","name":"helko.cz","logo":{"@type":"ImageObject","@id":"\/logo.png","url":"\/logo.png","width":600,"height":60}},"image":{"@type":"ImageObject","@id":"https:\/\/www.helko.cz\/wp-content\/uploads\/praktikanti_50rEBq.jpg","url":"https:\/\/www.helko.cz\/wp-content\/uploads\/praktikanti_50rEBq.jpg","height":0,"width":0},"wordCount":980,"keywords":null},{"@type":"Article","@id":"https:\/\/www.helko.cz\/vtipny-darek\/","headline":"Vtipn\u00fd d\u00e1rek","url":"https:\/\/www.helko.cz\/vtipny-darek\/","datePublished":"2023-07-28","dateModified":"2023-07-28","mainEntityOfPage":"https:\/\/www.helko.cz\/vtipny-darek\/","author":{"@type":"Person","@id":"https:\/\/www.helko.cz\/author\/#Person","name":"","url":"https:\/\/www.helko.cz\/author\/","identifier":1,"image":{"@type":"ImageObject","@id":"https:\/\/secure.gravatar.com\/avatar\/da76ffe9456a057fb26f92cd8eb3d2effca853864e9ae2a35290bd1e10b1f7d4?s=96&d=mm&r=g","url":"https:\/\/secure.gravatar.com\/avatar\/da76ffe9456a057fb26f92cd8eb3d2effca853864e9ae2a35290bd1e10b1f7d4?s=96&d=mm&r=g","height":96,"width":96}},"publisher":{"@type":"Organization","name":"helko.cz","logo":{"@type":"ImageObject","@id":"\/logo.png","url":"\/logo.png","width":600,"height":60}},"image":null,"wordCount":286,"keywords":null},{"@type":"Article","@id":"https:\/\/www.helko.cz\/chvile-odpocinku\/","headline":"Chv\u00edle odpo\u010dinku","url":"https:\/\/www.helko.cz\/chvile-odpocinku\/","datePublished":"2023-07-23","dateModified":"2023-07-23","mainEntityOfPage":"https:\/\/www.helko.cz\/chvile-odpocinku\/","author":{"@type":"Person","@id":"https:\/\/www.helko.cz\/author\/#Person","name":"","url":"https:\/\/www.helko.cz\/author\/","identifier":1,"image":{"@type":"ImageObject","@id":"https:\/\/secure.gravatar.com\/avatar\/da76ffe9456a057fb26f92cd8eb3d2effca853864e9ae2a35290bd1e10b1f7d4?s=96&d=mm&r=g","url":"https:\/\/secure.gravatar.com\/avatar\/da76ffe9456a057fb26f92cd8eb3d2effca853864e9ae2a35290bd1e10b1f7d4?s=96&d=mm&r=g","height":96,"width":96}},"publisher":{"@type":"Organization","name":"helko.cz","logo":{"@type":"ImageObject","@id":"\/logo.png","url":"\/logo.png","width":600,"height":60}},"image":{"@type":"ImageObject","@id":"https:\/\/www.helko.cz\/wp-content\/uploads\/girl-3528292_640_1.jpg","url":"https:\/\/www.helko.cz\/wp-content\/uploads\/girl-3528292_640_1.jpg","height":0,"width":0},"wordCount":632,"keywords":null},{"@type":"Article","@id":"https:\/\/www.helko.cz\/sex-se-silikonovou-pannou-s-umelou-inteligenci-a-chatgpt\/","headline":"Sex se silikonovou pannou s um\u011blou inteligenc\u00ed a ChatGPT","url":"https:\/\/www.helko.cz\/sex-se-silikonovou-pannou-s-umelou-inteligenci-a-chatgpt\/","datePublished":"2023-07-23","dateModified":"2023-07-28","mainEntityOfPage":"https:\/\/www.helko.cz\/sex-se-silikonovou-pannou-s-umelou-inteligenci-a-chatgpt\/","author":{"@type":"Person","@id":"https:\/\/www.helko.cz\/author\/#Person","name":"","url":"https:\/\/www.helko.cz\/author\/","identifier":1,"image":{"@type":"ImageObject","@id":"https:\/\/secure.gravatar.com\/avatar\/da76ffe9456a057fb26f92cd8eb3d2effca853864e9ae2a35290bd1e10b1f7d4?s=96&d=mm&r=g","url":"https:\/\/secure.gravatar.com\/avatar\/da76ffe9456a057fb26f92cd8eb3d2effca853864e9ae2a35290bd1e10b1f7d4?s=96&d=mm&r=g","height":96,"width":96}},"publisher":{"@type":"Organization","name":"helko.cz","logo":{"@type":"ImageObject","@id":"\/logo.png","url":"\/logo.png","width":600,"height":60}},"image":{"@type":"ImageObject","@id":"https:\/\/www.helko.cz\/wp-content\/uploads\/naha_zena_CaLbx5.jpg","url":"https:\/\/www.helko.cz\/wp-content\/uploads\/naha_zena_CaLbx5.jpg","height":0,"width":0},"wordCount":4979,"keywords":null},{"@type":"Article","@id":"https:\/\/www.helko.cz\/prirodni-zazrak-i-k-vam-domu\/","headline":"P\u0159\u00edrodn\u00ed z\u00e1zrak i k v\u00e1m dom\u016f","url":"https:\/\/www.helko.cz\/prirodni-zazrak-i-k-vam-domu\/","datePublished":"2023-06-20","dateModified":"2024-06-21","mainEntityOfPage":"https:\/\/www.helko.cz\/prirodni-zazrak-i-k-vam-domu\/","author":{"@type":"Person","@id":"https:\/\/www.helko.cz\/author\/#Person","name":"","url":"https:\/\/www.helko.cz\/author\/","identifier":1,"image":{"@type":"ImageObject","@id":"https:\/\/secure.gravatar.com\/avatar\/da76ffe9456a057fb26f92cd8eb3d2effca853864e9ae2a35290bd1e10b1f7d4?s=96&d=mm&r=g","url":"https:\/\/secure.gravatar.com\/avatar\/da76ffe9456a057fb26f92cd8eb3d2effca853864e9ae2a35290bd1e10b1f7d4?s=96&d=mm&r=g","height":96,"width":96}},"publisher":{"@type":"Organization","name":"helko.cz","logo":{"@type":"ImageObject","@id":"\/logo.png","url":"\/logo.png","width":600,"height":60}},"image":null,"wordCount":280,"keywords":null},{"@type":"Article","@id":"https:\/\/www.helko.cz\/moda-ve-skole\/","headline":"M\u00f3da ve \u0161kole","url":"https:\/\/www.helko.cz\/moda-ve-skole\/","datePublished":"2023-05-24","dateModified":"2024-04-24","mainEntityOfPage":"https:\/\/www.helko.cz\/moda-ve-skole\/","author":{"@type":"Person","@id":"https:\/\/www.helko.cz\/author\/#Person","name":"","url":"https:\/\/www.helko.cz\/author\/","identifier":1,"image":{"@type":"ImageObject","@id":"https:\/\/secure.gravatar.com\/avatar\/da76ffe9456a057fb26f92cd8eb3d2effca853864e9ae2a35290bd1e10b1f7d4?s=96&d=mm&r=g","url":"https:\/\/secure.gravatar.com\/avatar\/da76ffe9456a057fb26f92cd8eb3d2effca853864e9ae2a35290bd1e10b1f7d4?s=96&d=mm&r=g","height":96,"width":96}},"publisher":{"@type":"Organization","name":"helko.cz","logo":{"@type":"ImageObject","@id":"\/logo.png","url":"\/logo.png","width":600,"height":60}},"image":{"@type":"ImageObject","@id":"https:\/\/www.helko.cz\/wp-content\/uploads\/woman-8423631_1280_1.jpg","url":"https:\/\/www.helko.cz\/wp-content\/uploads\/woman-8423631_1280_1.jpg","height":0,"width":0},"wordCount":906,"keywords":null},{"@type":"Article","@id":"https:\/\/www.helko.cz\/je-nase-ekonomika-na-vrcholu\/","headline":"Je na\u0161e ekonomika na vrcholu?","url":"https:\/\/www.helko.cz\/je-nase-ekonomika-na-vrcholu\/","datePublished":"2023-05-06","dateModified":"2023-05-06","mainEntityOfPage":"https:\/\/www.helko.cz\/je-nase-ekonomika-na-vrcholu\/","author":{"@type":"Person","@id":"https:\/\/www.helko.cz\/author\/#Person","name":"","url":"https:\/\/www.helko.cz\/author\/","identifier":1,"image":{"@type":"ImageObject","@id":"https:\/\/secure.gravatar.com\/avatar\/da76ffe9456a057fb26f92cd8eb3d2effca853864e9ae2a35290bd1e10b1f7d4?s=96&d=mm&r=g","url":"https:\/\/secure.gravatar.com\/avatar\/da76ffe9456a057fb26f92cd8eb3d2effca853864e9ae2a35290bd1e10b1f7d4?s=96&d=mm&r=g","height":96,"width":96}},"publisher":{"@type":"Organization","name":"helko.cz","logo":{"@type":"ImageObject","@id":"\/logo.png","url":"\/logo.png","width":600,"height":60}},"image":{"@type":"ImageObject","@id":"https:\/\/www.helko.cz\/wp-content\/uploads\/img_a342249_w2721_t1555145074.jpg","url":"https:\/\/www.helko.cz\/wp-content\/uploads\/img_a342249_w2721_t1555145074.jpg","height":0,"width":0},"wordCount":540,"keywords":null},{"@type":"Article","@id":"https:\/\/www.helko.cz\/nechte-sve-deti-objevovat-svet\/","headline":"Nechte sv\u00e9 d\u011bti objevovat sv\u011bt","url":"https:\/\/www.helko.cz\/nechte-sve-deti-objevovat-svet\/","datePublished":"2023-05-06","dateModified":"2023-05-06","mainEntityOfPage":"https:\/\/www.helko.cz\/nechte-sve-deti-objevovat-svet\/","author":{"@type":"Person","@id":"https:\/\/www.helko.cz\/author\/#Person","name":"","url":"https:\/\/www.helko.cz\/author\/","identifier":1,"image":{"@type":"ImageObject","@id":"https:\/\/secure.gravatar.com\/avatar\/da76ffe9456a057fb26f92cd8eb3d2effca853864e9ae2a35290bd1e10b1f7d4?s=96&d=mm&r=g","url":"https:\/\/secure.gravatar.com\/avatar\/da76ffe9456a057fb26f92cd8eb3d2effca853864e9ae2a35290bd1e10b1f7d4?s=96&d=mm&r=g","height":96,"width":96}},"publisher":{"@type":"Organization","name":"helko.cz","logo":{"@type":"ImageObject","@id":"\/logo.png","url":"\/logo.png","width":600,"height":60}},"image":{"@type":"ImageObject","@id":"https:\/\/www.helko.cz\/wp-content\/uploads\/img_a329805_w2691_t1542366937.jpg","url":"https:\/\/www.helko.cz\/wp-content\/uploads\/img_a329805_w2691_t1542366937.jpg","height":0,"width":0},"wordCount":536,"keywords":null}]},{"@context":"https:\/\/schema.org","@type":"WebSite","@id":"https:\/\/www.helko.cz\/#website","name":"Helko","url":"https:\/\/www.helko.cz","potentialAction":{"@type":"SearchAction","target":"https:\/\/www.helko.cz\/?s={search_term_string}","query-input":"required name=search_term_string"}}]